{"id":1176,"date":"2025-06-19T01:04:33","date_gmt":"2025-06-18T23:04:33","guid":{"rendered":"https:\/\/project.greydsuite.de\/investors-vidinext\/investor-news\/tmc-content-group-ag-generalversammlung-beschliesst-kapitalmassnahmen-und-umfirmierung-in-vidinext-ag\/"},"modified":"2025-09-17T13:18:26","modified_gmt":"2025-09-17T11:18:26","slug":"tmc-content-group-ag-generalversammlung-beschliesst-kapitalmassnahmen-und-umfirmierung-in-vidinext-ag","status":"publish","type":"investor-news","link":"https:\/\/project.greydsuite.de\/investors-vidinext\/de\/investor-news\/tmc-content-group-ag-generalversammlung-beschliesst-kapitalmassnahmen-und-umfirmierung-in-vidinext-ag\/","title":{"rendered":"tmc Content Group AG: Generalversammlung beschliesst Kapitalmassnahmen und Umfirmierung in VIDINEXT AG"},"content":{"rendered":"<table border=\"0\">\n<tbody>\n<tr>\n<td>tmc Content Group AG \/ Schlagwort(e): Kapitalrestrukturierung<\/p>\n<p>tmc Content Group AG: <span data-olk-copy-source=\"MessageBody\">Generalversammlung beschlie\u00dft Kapitalma\u00dfnahmen<\/span> und Umfirmierung in VIDINEXT AG<\/p>\n<p>19.06.2025 \/ 03:04 CET\/CEST<\/p>\n<p>Ver\u00f6ffentlichung einer Insiderinformation nach Artikel 17 der Verordnung (EU) Nr. 596\/2014, \u00fcbermittelt durch EQS News &#8211; ein Service der EQS Group.<\/p>\n<p>F\u00fcr den Inhalt der Mitteilung ist der Emittent \/ Herausgeber verantwortlich.<\/p>\n<hr \/>\n<div>Strategische Neuausrichtung angek\u00fcndigt<br \/>\nDie Aktion\u00e4re der tmc Content Group AG (ISIN CH0557519201, WKN A2QQQU) haben an der ordentlichen Generalversammlung vom 16. Juni 2025 alle in der Ad-hoc-Mitteilung vom 13. Mai 2025 angek\u00fcndigten Beschl\u00fcsse gutgeheissen. Dazu geh\u00f6rten eine Kapitalherabsetzung durch Nennwertreduktion, eine W\u00e4hrungs\u00e4nderung des Aktienkapitals von CHF auf EUR sowie die Einf\u00fchrung eines neuen Kapitalbands und eines bedingten Kapitals. Im Rahmen dieser genehmigten Beschl\u00fcsse hat die Gesellschaft ihre Firma offiziell in VIDINEXT AG ge\u00e4ndert.<br \/>\nIm Zusammenhang mit der Namens\u00e4nderung gibt das Unternehmen auch eine strategische Neuausrichtung bekannt. Die VIDINEXT AG wird ihre etablierte Position in den traditionellen Medien weiter ausbauen und gleichzeitig den Fokus verst\u00e4rkt auf Innovation und technologiegetriebenes Wachstum sowohl im B2C- als auch im B2B-Markt legen. Diese Neupositionierung spiegelt das Engagement des Unternehmens in eine langfristige Wertsch\u00f6pfung wider, indem es in skalierbare, technologiegetriebene Bereiche \u2013 einschliesslich KI-gest\u00fctzter L\u00f6sungen \u2013 expandiert, die seine Kernkompetenzen nutzen.Kontakt:<br \/>\nE-mail: info@contentgroup.ch<br \/>\ntmc Content Group AG<br \/>\nPoststrasse 24<br \/>\nP.O. Box 1546<br \/>\nCH-6300 Zug<br \/>\nSwitzerland<br \/>\nTel: +41 41 766 25 30<br \/>\nFax: +41 62 756 13 64<\/p>\n<\/div>\n<p>Ende der Insiderinformation<\/p>\n<hr \/>\n<p>19.06.2025 CET\/CEST Die EQS Distributionsservices umfassen gesetzliche Meldepflichten, Corporate News\/Finanznachrichten und Pressemitteilungen.<br \/>\nMedienarchiv unter https:\/\/eqs-news.com<\/p>\n<hr \/>\n<\/td>\n<\/tr>\n<\/tbody>\n<\/table>\n<table>\n<tbody>\n<tr>\n<td align=\"left\" valign=\"top\">Sprache:<\/td>\n<td align=\"left\" valign=\"top\">Deutsch<\/td>\n<\/tr>\n<tr>\n<td align=\"left\" valign=\"top\">Unternehmen:<\/td>\n<td align=\"left\" valign=\"top\">tmc Content Group AG<\/td>\n<\/tr>\n<tr>\n<td align=\"left\" valign=\"top\"><\/td>\n<td align=\"left\" valign=\"top\">Poststrasse 24<\/td>\n<\/tr>\n<tr>\n<td align=\"left\" valign=\"top\"><\/td>\n<td align=\"left\" valign=\"top\">6300 Zug<\/td>\n<\/tr>\n<tr>\n<td align=\"left\" valign=\"top\"><\/td>\n<td align=\"left\" valign=\"top\">Schweiz<\/td>\n<\/tr>\n<tr>\n<td align=\"left\" valign=\"top\">Telefon:<\/td>\n<td align=\"left\" valign=\"top\">+41-41-7662530<\/td>\n<\/tr>\n<tr>\n<td align=\"left\" valign=\"top\">E-Mail:<\/td>\n<td align=\"left\" valign=\"top\">info@contentgroup.ch<\/td>\n<\/tr>\n<tr>\n<td align=\"left\" valign=\"top\">Internet:<\/td>\n<td align=\"left\" valign=\"top\">http:\/\/www.contentgroup.ch<\/td>\n<\/tr>\n<tr>\n<td align=\"left\" valign=\"top\">ISIN:<\/td>\n<td align=\"left\" valign=\"top\">CH0557519201<\/td>\n<\/tr>\n<tr>\n<td align=\"left\" valign=\"top\">WKN:<\/td>\n<td align=\"left\" valign=\"top\">A2QQQU<\/td>\n<\/tr>\n<tr>\n<td align=\"left\" valign=\"top\">B\u00f6rsen:<\/td>\n<td align=\"left\" valign=\"top\">Regulierter Markt in D\u00fcsseldorf, Frankfurt<\/td>\n<\/tr>\n<tr>\n<td align=\"left\" valign=\"top\">EQS News ID:<\/td>\n<td align=\"left\" valign=\"top\">2157492<\/td>\n<\/tr>\n<\/tbody>\n<\/table>\n<table border=\"0\">\n<tbody>\n<tr>\n<td colspan=\"2\" align=\"left\" valign=\"top\"><\/td>\n<\/tr>\n<\/tbody>\n<\/table>\n<table border=\"0\">\n<tbody>\n<tr>\n<td colspan=\"2\" align=\"left\" valign=\"top\"><\/td>\n<\/tr>\n<tr>\n<td align=\"left\" valign=\"top\">Ende der Mitteilung<\/td>\n<td align=\"left\" valign=\"top\">EQS News-Service<\/td>\n<\/tr>\n<\/tbody>\n<\/table>\n<table border=\"0\">\n<tbody>\n<tr>\n<td>\n<hr \/>\n<\/td>\n<\/tr>\n<\/tbody>\n<\/table>\n<div>\n<p>2157492\u00a0\u00a019.06.2025\u00a0CET\/CEST<\/p>\n<\/div>\n<p><img loading=\"lazy\" decoding=\"async\" src=\"https:\/\/eqs-cockpit.com\/cgi-bin\/fncls.ssp?fn=show_t_gif&amp;application_id=2157492&amp;application_name=news&amp;site_id=airport_aws~~~7cc68db1-74de-43c8-af69-2ae0a97efdc3\" alt=\"\" width=\"0\" height=\"0\" border=\"0\" \/><\/p>\n","protected":false},"excerpt":{"rendered":"<p>tmc Content Group AG \/ Schlagwort(e): Kapitalrestrukturierung tmc Content Group AG: Generalversammlung beschlie\u00dft Kapitalma\u00dfnahmen und Umfirmierung in VIDINEXT AG 19.06.2025 \/ 03:04 CET\/CEST Ver\u00f6ffentlichung einer Insiderinformation nach Artikel 17 der Verordnung (EU) Nr. 596\/2014, \u00fcbermittelt durch EQS News &#8211; ein Service der EQS Group. F\u00fcr den Inhalt der Mitteilung ist der Emittent \/ Herausgeber verantwortlich. [&hellip;]<\/p>\n","protected":false},"template":"","meta":{"greyd_block_editor_preview":[]},"investor-news_category":[3726],"investor-news_year":[3725],"class_list":["post-1176","investor-news","type-investor-news","status-publish","hentry","investor-news_category-ad-hoc","investor-news_year-3725"],"lang":"de","translations":{"de":1176,"en":1154},"pll_sync_post":[],"_links":{"self":[{"href":"https:\/\/project.greydsuite.de\/investors-vidinext\/wp-json\/wp\/v2\/investor-news\/1176","targetHints":{"allow":["GET"]}}],"collection":[{"href":"https:\/\/project.greydsuite.de\/investors-vidinext\/wp-json\/wp\/v2\/investor-news"}],"about":[{"href":"https:\/\/project.greydsuite.de\/investors-vidinext\/wp-json\/wp\/v2\/types\/investor-news"}],"wp:attachment":[{"href":"https:\/\/project.greydsuite.de\/investors-vidinext\/wp-json\/wp\/v2\/media?parent=1176"}],"wp:term":[{"taxonomy":"investor-news_category","embeddable":true,"href":"https:\/\/project.greydsuite.de\/investors-vidinext\/wp-json\/wp\/v2\/investor-news_category?post=1176"},{"taxonomy":"investor-news_year","embeddable":true,"href":"https:\/\/project.greydsuite.de\/investors-vidinext\/wp-json\/wp\/v2\/investor-news_year?post=1176"}],"curies":[{"name":"wp","href":"https:\/\/api.w.org\/{rel}","templated":true}]}}