{"id":1207,"date":"2022-02-28T12:33:58","date_gmt":"2022-02-28T11:33:58","guid":{"rendered":"https:\/\/project.greydsuite.de\/investors-vidinext\/investor-news\/tmc-content-group-ag-sonderprufung\/"},"modified":"2022-02-28T12:33:58","modified_gmt":"2022-02-28T11:33:58","slug":"tmc-content-group-ag-sonderprufung","status":"publish","type":"investor-news","link":"https:\/\/project.greydsuite.de\/investors-vidinext\/de\/investor-news\/tmc-content-group-ag-sonderprufung\/","title":{"rendered":"tmc Content Group AG: Sonderpr\u00fcfung"},"content":{"rendered":"<table border=\"0\">\n<tr>\n<td>\n<p>tmc Content Group AG \/ Schlagwort(e): Rechtssache<\/p>\n<p>tmc Content Group AG: Sonderpr\u00fcfung  <\/p>\n<p>28.02.2022 \/ 13:33 CET\/CEST<\/p>\n<p>Ver\u00f6ffentlichung einer Insiderinformation nach Artikel 17 der Verordnung (EU) Nr. 596\/2014, \u00fcbermittelt durch DGAP &#8211; ein Service der EQS Group AG.<\/p>\n<p>F\u00fcr den Inhalt der Mitteilung ist der Emittent \/ Herausgeber verantwortlich.<\/p>\n<hr\/>\n<div>\nEine Aktion\u00e4rin der tmc Content Group AG hatte im Fr\u00fchjahr 2020 anl\u00e4sslich einer ausserordentlichen Generalversammlung die Einberufung einer Sonderpr\u00fcfung verlangt. Dieses Begehren wurde mit grosser Mehrheit abgewiesen. Daraufhin rief diese Aktion\u00e4rin die zust\u00e4ndigen Gerichte an, welche jedoch eine grosse Mehrheit der Fragen abgewiesen und damit nicht f\u00fcr die Sonderpr\u00fcfung zugelassen haben. Der verbleibende \u00dcberrest der Fragen wurde zwischenzeitlich zweitinstanzlich best\u00e4tigt und wird von einem noch zu bestimmenden Sonderpr\u00fcfer eingesehen.<br \/>\n\u00a0<br \/>\nDer Verwaltungsrat der tmc Content Group AG wird eng mit dem zu bestimmenden Sonderpr\u00fcfer zusammenarbeiten.<br \/>\n\u00a0<br \/>\nZug, den 28. Februar 2022<\/p>\n<p>Der Verwaltungsrat der tmc Content Group AG<br \/>\n\u00a0<br \/>\nJohn Engelsma\u00a0\u00a0\u00a0\u00a0\u00a0\u00a0 Ronny Nobus\u00a0\u00a0 \u00a0\u00a0\u00a0\u00a0John Wirt <\/p>\n<p>Kontakt:<br \/>\nE-mail: info@contentgroup.ch<br \/>\ntmc Content Group AG<br \/>\nPoststrasse 24<br \/>\nP.O. Box 1546<br \/>\nCH-6300 Zug<br \/>\nSwitzerland<br \/>\nTel: +41 41 766 25 30<br \/>\nFax: +41 62 756 13 64\n<\/div>\n<hr\/>\n<p>\n28.02.2022 CET\/CEST Die DGAP Distributionsservices umfassen gesetzliche Meldepflichten, Corporate News\/Finanznachrichten und Pressemitteilungen.<br \/>Medienarchiv unter http:\/\/www.dgap.de<\/p>\n<hr\/>\n<\/td>\n<\/tr>\n<\/table>\n<table>\n<tr>\n<td align=\"left\" valign=\"top\">Sprache:<\/td>\n<td align=\"left\" valign=\"top\">Deutsch<\/td>\n<\/tr>\n<tr>\n<td align=\"left\" valign=\"top\">Unternehmen:<\/td>\n<td align=\"left\" valign=\"top\">tmc Content Group AG<\/td>\n<\/tr>\n<tr>\n<td align=\"left\" valign=\"top\"\/>\n<td align=\"left\" valign=\"top\">Poststrasse 24<\/td>\n<\/tr>\n<tr>\n<td align=\"left\" valign=\"top\"\/>\n<td align=\"left\" valign=\"top\">6300 Zug<\/td>\n<\/tr>\n<tr>\n<td align=\"left\" valign=\"top\"\/>\n<td align=\"left\" valign=\"top\">Schweiz<\/td>\n<\/tr>\n<tr>\n<td align=\"left\" valign=\"top\">Telefon:<\/td>\n<td align=\"left\" valign=\"top\">+41-41-7662530<\/td>\n<\/tr>\n<tr>\n<td align=\"left\" valign=\"top\">Fax:<\/td>\n<td align=\"left\" valign=\"top\">+41-62-7561364<\/td>\n<\/tr>\n<tr>\n<td align=\"left\" valign=\"top\">E-Mail:<\/td>\n<td align=\"left\" valign=\"top\">info@contentgroup.ch<\/td>\n<\/tr>\n<tr>\n<td align=\"left\" valign=\"top\">Internet:<\/td>\n<td align=\"left\" valign=\"top\">http:\/\/www.contentgroup.ch<\/td>\n<\/tr>\n<tr>\n<td align=\"left\" valign=\"top\">ISIN:<\/td>\n<td align=\"left\" valign=\"top\">CH0557519201<\/td>\n<\/tr>\n<tr>\n<td align=\"left\" valign=\"top\">WKN:<\/td>\n<td align=\"left\" valign=\"top\">A2QQQU<\/td>\n<\/tr>\n<tr>\n<td align=\"left\" valign=\"top\">B\u00f6rsen:<\/td>\n<td align=\"left\" valign=\"top\">Regulierter Markt in D\u00fcsseldorf, Frankfurt<\/td>\n<\/tr>\n<tr>\n<td align=\"left\" valign=\"top\">EQS News ID:<\/td>\n<td align=\"left\" valign=\"top\">1290085<\/td>\n<\/tr>\n<\/table>\n<p><\/p>\n<table border=\"0\">\n<tr>\n<td align=\"left\" valign=\"top\" colspan=\"2\"\/>\n<\/tr>\n<\/table>\n<table border=\"0\">\n<tr>\n<td align=\"left\" valign=\"top\" colspan=\"2\">\u00a0<\/td>\n<\/tr>\n<tr>\n<td align=\"left\" valign=\"top\">Ende der Mitteilung<\/td>\n<td align=\"left\" valign=\"top\">DGAP News-Service<\/td>\n<\/tr>\n<\/table>\n<table border=\"0\">\n<tr>\n<td>\n<hr\/>\n<\/td>\n<\/tr>\n<\/table>\n<div>\n<p>1290085\u00a0\u00a028.02.2022\u00a0CET\/CEST<\/p>\n<\/div>\n<p><img loading=\"lazy\" decoding=\"async\" src=\"https:\/\/eqs-cockpit.com\/cgi-bin\/fncls.ssp?fn=show_t_gif&amp;application_id=1290085&amp;application_name=news&amp;site_id=airport_aws\" alt=\"fncls.ssp?fn=show_t_gif&amp;application_id=1290085&amp;application_name=news&amp;site_id=airport_aws\" width=\"0\" height=\"0\" border=\"0\"\/><\/p>\n","protected":false},"excerpt":{"rendered":"<p>tmc Content Group AG \/ Schlagwort(e): Rechtssache tmc Content Group AG: Sonderpr\u00fcfung 28.02.2022 \/ 13:33 CET\/CEST Ver\u00f6ffentlichung einer Insiderinformation nach Artikel 17 der Verordnung (EU) Nr. 596\/2014, \u00fcbermittelt durch DGAP &#8211; ein Service der EQS Group AG. F\u00fcr den Inhalt der Mitteilung ist der Emittent \/ Herausgeber verantwortlich. Eine Aktion\u00e4rin der tmc Content Group AG [&hellip;]<\/p>\n","protected":false},"template":"","meta":{"greyd_block_editor_preview":[]},"investor-news_category":[3726],"investor-news_year":[3730],"class_list":["post-1207","investor-news","type-investor-news","status-publish","hentry","investor-news_category-ad-hoc","investor-news_year-3730"],"lang":"de","translations":{"de":1207},"pll_sync_post":[],"_links":{"self":[{"href":"https:\/\/project.greydsuite.de\/investors-vidinext\/wp-json\/wp\/v2\/investor-news\/1207","targetHints":{"allow":["GET"]}}],"collection":[{"href":"https:\/\/project.greydsuite.de\/investors-vidinext\/wp-json\/wp\/v2\/investor-news"}],"about":[{"href":"https:\/\/project.greydsuite.de\/investors-vidinext\/wp-json\/wp\/v2\/types\/investor-news"}],"wp:attachment":[{"href":"https:\/\/project.greydsuite.de\/investors-vidinext\/wp-json\/wp\/v2\/media?parent=1207"}],"wp:term":[{"taxonomy":"investor-news_category","embeddable":true,"href":"https:\/\/project.greydsuite.de\/investors-vidinext\/wp-json\/wp\/v2\/investor-news_category?post=1207"},{"taxonomy":"investor-news_year","embeddable":true,"href":"https:\/\/project.greydsuite.de\/investors-vidinext\/wp-json\/wp\/v2\/investor-news_year?post=1207"}],"curies":[{"name":"wp","href":"https:\/\/api.w.org\/{rel}","templated":true}]}}